{"id":4357,"date":"2021-03-10T09:46:20","date_gmt":"2021-03-10T08:46:20","guid":{"rendered":"https:\/\/www.komunala-izola.si\/?p=4357"},"modified":"2021-03-10T09:46:20","modified_gmt":"2021-03-10T08:46:20","slug":"risvegliamo-la-primavera-allinsegna-di-sfalci-verdi-correttamente-conferiti","status":"publish","type":"post","link":"https:\/\/www.komunala-izola.si\/it\/risvegliamo-la-primavera-allinsegna-di-sfalci-verdi-correttamente-conferiti\/","title":{"rendered":"Risvegliamo la primavera all\u2019insegna di sfalci verdi correttamente conferiti"},"content":{"rendered":"<p>Grazie alle condizioni climatiche favorevoli, quest\u2019anno i lavori stagionali negli orti hanno gi\u00e0 avuto inizio, causando quantit\u00e0 considerevoli di ramaglie e scarti di potature di alberi, arbusti e siepi e sfalci d\u2019erba, ovvero cosiddetti sfalci verdi o residui vegetali. Nel caso in cui non si provvede a compostare in proprio i residui vegetali \u00e8 molto importante provvedere al loro opportuno trattamento.<\/p>\n<p>Non \u00e8 corretto abbandonare grandi quantit\u00e0 di falci verdi lungo i bordi delle strade, nelle isole ecologiche e neanche dentro e\/o vicino i cassonetti destinati ai rifiuti organici. Lo smaltimento dei rifiuti incorretto causa malvoglia di altri utenti e compromette l\u2019aspetto dell\u2019ambiente in cui viviamo.<\/p>\n<p>Per smaltire in modo corretto i residui vegetali <strong>offriamo a titolo gratuito i seguenti servizi<\/strong>:<\/p>\n<ul>\n<li>\n<h6><strong>il recapito (e il ritiro) gratuito di un contenitore di 5 m<sup>3<\/sup>,<\/strong><\/h6>\n<\/li>\n<li>\n<h6><strong>il ritiro gratuito di quantit\u00e0 limitate di sfalci verdi (fino a 3 m<sup>3<\/sup>) con un veicolo di piccole dimensioni, <\/strong><\/h6>\n<\/li>\n<li>\n<h6><strong>il ritiro gratuito per sfalci verdi consegnati direttamente al centro di raccolta.<\/strong><\/h6>\n<\/li>\n<\/ul>\n<p>Il committente deve provvedere in proprio al carico degli scarti verdi.<\/p>\n<p><span style=\"text-decoration: underline; color: #008000;\"><strong>Raccomandazione: <\/strong><\/span><\/p>\n<p><span style=\"color: #008000;\">Nel periodo primaverile e autunnale la lista d\u2019attesa per l\u2019ordinazione del contenitore di 5 m<sup>3 <\/sup>\u00e8 leggermente pi\u00f9 lunga, perci\u00f2 consigliamo agli utenti di provvedere all\u2019ordinazione una settimana previo la data del recapito desiderata.<\/span><\/p>\n<p>Siamo a disposizione per le ordinazioni e per tutte le informazioni durante le ore d\u2019ufficio: luned\u00ec, mercoled\u00ec e venerd\u00ec dalle ore 8.00 alle 10.00 e dalle 10.30 alle 12.00, al numero\u00a0 05\/ 66 34 950. In alternativa, gli interessati possono spedire un\u2019e-mail a: <a href=\"mailto:odvozi@komunala-izola.si\">odvozi@komunala-izola.si<\/a>.<\/p>\n<p><strong>Con la raccolta differenziata degli sfalci verdi viene mantenuto l\u2019equilibrio naturale senza produrre effetti inquinanti per l\u2019ambiente o comprometterne l\u2019aspetto.<\/strong><\/p>\n<div id='gallery-1'  class='gallery galleryid-4357 gallery-columns-3 gallery-size-thumbnail'><figure class='gallery-item'>\n\t\t\t<div class='gallery-icon landscape'>\n\t\t\t\t<a data-fancybox=\"gallery-4357\" data-caption=\"<\/br>ROKA_STOP_Z NAPISOM\" href='https:\/\/www.komunala-izola.si\/wp-content\/uploads\/2021\/03\/ROKA_STOP_Z-NAPISOM.png'><img loading=\"lazy\" decoding=\"async\" width=\"150\" height=\"150\" src=\"https:\/\/www.komunala-izola.si\/wp-content\/uploads\/2021\/03\/ROKA_STOP_Z-NAPISOM-150x150.png\" class=\"attachment-thumbnail size-thumbnail\" alt=\"\" srcset=\"https:\/\/www.komunala-izola.si\/wp-content\/uploads\/2021\/03\/ROKA_STOP_Z-NAPISOM-150x150.png 150w, https:\/\/www.komunala-izola.si\/wp-content\/uploads\/2021\/03\/ROKA_STOP_Z-NAPISOM-300x300.png 300w, https:\/\/www.komunala-izola.si\/wp-content\/uploads\/2021\/03\/ROKA_STOP_Z-NAPISOM.png 570w\" sizes=\"auto, (max-width: 150px) 100vw, 150px\" \/><\/a>\n\t\t\t<\/div><\/figure><figure class='gallery-item'>\n\t\t\t<div class='gallery-icon landscape'>\n\t\t\t\t<a data-fancybox=\"gallery-4357\" data-caption=\"<\/br>IMG_1309\" href='https:\/\/www.komunala-izola.si\/wp-content\/uploads\/2021\/03\/IMG_1309-scaled.jpg'><img loading=\"lazy\" decoding=\"async\" width=\"150\" height=\"150\" src=\"https:\/\/www.komunala-izola.si\/wp-content\/uploads\/2021\/03\/IMG_1309-150x150.jpg\" class=\"attachment-thumbnail size-thumbnail\" alt=\"\" srcset=\"https:\/\/www.komunala-izola.si\/wp-content\/uploads\/2021\/03\/IMG_1309-150x150.jpg 150w, https:\/\/www.komunala-izola.si\/wp-content\/uploads\/2021\/03\/IMG_1309-300x300.jpg 300w, https:\/\/www.komunala-izola.si\/wp-content\/uploads\/2021\/03\/IMG_1309-1024x1024.jpg 1024w\" sizes=\"auto, (max-width: 150px) 100vw, 150px\" \/><\/a>\n\t\t\t<\/div><\/figure><figure class='gallery-item'>\n\t\t\t<div class='gallery-icon landscape'>\n\t\t\t\t<a data-fancybox=\"gallery-4357\" data-caption=\"<\/br>20170330_084128\" href='https:\/\/www.komunala-izola.si\/wp-content\/uploads\/2021\/03\/20170330_084128-scaled.jpg'><img loading=\"lazy\" decoding=\"async\" width=\"150\" height=\"150\" src=\"https:\/\/www.komunala-izola.si\/wp-content\/uploads\/2021\/03\/20170330_084128-150x150.jpg\" class=\"attachment-thumbnail size-thumbnail\" alt=\"\" srcset=\"https:\/\/www.komunala-izola.si\/wp-content\/uploads\/2021\/03\/20170330_084128-150x150.jpg 150w, https:\/\/www.komunala-izola.si\/wp-content\/uploads\/2021\/03\/20170330_084128-300x300.jpg 300w, https:\/\/www.komunala-izola.si\/wp-content\/uploads\/2021\/03\/20170330_084128-1024x1024.jpg 1024w\" sizes=\"auto, (max-width: 150px) 100vw, 150px\" \/><\/a>\n\t\t\t<\/div><\/figure>\n\t\t<\/div>\n\n","protected":false},"excerpt":{"rendered":"<p>Grazie alle condizioni climatiche favorevoli, quest\u2019anno i lavori stagionali negli orti hanno gi\u00e0 avuto inizio, causando quantit\u00e0 considerevoli di ramaglie e scarti di potature di alberi, arbusti e siepi e sfalci d\u2019erba, ovvero cosiddetti sfalci verdi o residui vegetali. Nel caso in cui non si provvede a compostare in proprio i residui vegetali \u00e8 molto<\/p>\n","protected":false},"author":11,"featured_media":4351,"comment_status":"open","ping_status":"open","sticky":false,"template":"","format":"standard","meta":{"_acf_changed":false,"footnotes":""},"categories":[25],"tags":[],"class_list":["post-4357","post","type-post","status-publish","format-standard","has-post-thumbnail","hentry","category-non-categorizzato"],"acf":[],"_links":{"self":[{"href":"https:\/\/www.komunala-izola.si\/it\/wp-json\/wp\/v2\/posts\/4357","targetHints":{"allow":["GET"]}}],"collection":[{"href":"https:\/\/www.komunala-izola.si\/it\/wp-json\/wp\/v2\/posts"}],"about":[{"href":"https:\/\/www.komunala-izola.si\/it\/wp-json\/wp\/v2\/types\/post"}],"author":[{"embeddable":true,"href":"https:\/\/www.komunala-izola.si\/it\/wp-json\/wp\/v2\/users\/11"}],"replies":[{"embeddable":true,"href":"https:\/\/www.komunala-izola.si\/it\/wp-json\/wp\/v2\/comments?post=4357"}],"version-history":[{"count":0,"href":"https:\/\/www.komunala-izola.si\/it\/wp-json\/wp\/v2\/posts\/4357\/revisions"}],"wp:featuredmedia":[{"embeddable":true,"href":"https:\/\/www.komunala-izola.si\/it\/wp-json\/wp\/v2\/media\/4351"}],"wp:attachment":[{"href":"https:\/\/www.komunala-izola.si\/it\/wp-json\/wp\/v2\/media?parent=4357"}],"wp:term":[{"taxonomy":"category","embeddable":true,"href":"https:\/\/www.komunala-izola.si\/it\/wp-json\/wp\/v2\/categories?post=4357"},{"taxonomy":"post_tag","embeddable":true,"href":"https:\/\/www.komunala-izola.si\/it\/wp-json\/wp\/v2\/tags?post=4357"}],"curies":[{"name":"wp","href":"https:\/\/api.w.org\/{rel}","templated":true}]}}