{"id":12956,"date":"2026-04-24T14:39:30","date_gmt":"2026-04-24T12:39:30","guid":{"rendered":"https:\/\/www.komunala-izola.si\/?p=12956"},"modified":"2026-04-24T14:39:30","modified_gmt":"2026-04-24T12:39:30","slug":"avviso-di-variazione-del-calendario-di-raccolta-dei-rifiuti-durante-le-festivita-del-primo-maggio","status":"publish","type":"post","link":"https:\/\/www.komunala-izola.si\/it\/avviso-di-variazione-del-calendario-di-raccolta-dei-rifiuti-durante-le-festivita-del-primo-maggio\/","title":{"rendered":"Avviso di variazione del calendario di raccolta dei rifiuti durante le festivit\u00e0 del primo maggio"},"content":{"rendered":"<h6>Informiamo gli utenti che, in occasione delle festivit\u00e0 del primo maggio, il calendario della raccolta dei rifiuti subir\u00e0 temporanee modifiche.<\/h6>\n<p>Luned\u00ec 27 aprile 2026 la raccolta dei rifiuti <strong>avverr\u00e0 regolarmente<\/strong> secondo il calendario ordinario.<\/p>\n<blockquote>\n<p style=\"text-align: justify;\"><span style=\"text-decoration: underline;\">Venerd\u00ec 1\u00b0 maggio 2026<\/span> la raccolta dei rifiuti <strong>non sar\u00e0 effettuata<\/strong>,<\/p>\n<p style=\"text-align: justify;\"><span style=\"text-decoration: underline;\">Sabato 2 maggio 2026<\/span> la raccolta verr\u00e0 svolta <strong>secondo il calendario del venerd\u00ec<\/strong>.<\/p>\n<\/blockquote>\n<p><span style=\"color: #0000ff;\">Invitiamo gli utenti a lasciare i contenitori nei punti di raccolta con uno slittamento di un giorno, fino a sabato 2 maggio 2026 compreso.<\/span><\/p>\n<p>Il Centro di raccolta e il Centro del riuso (CUP) resteranno chiusi solo nei giorni festivi, ovvero il 27 aprile e il 1\u00b0 e 2 maggio 2026.<\/p>\n<p>Ringraziamo tutti gli utenti per la comprensione e auguriamo buone feste.<\/p>\n<p><strong>Cogliamo inoltre l\u2019occasione per invitare tutti affinch\u00e9, anche in questi giorni solitamente dedicati alla convivialit\u00e0 all\u2019aperto e alle passeggiate, resti come sempre in primo piano l\u2019attenzione per un ambiente pulito e ordinato.<\/strong><\/p>\n","protected":false},"excerpt":{"rendered":"<p>Informiamo gli utenti che, in occasione delle festivit\u00e0 del primo maggio, il calendario della raccolta dei rifiuti subir\u00e0 temporanee modifiche. Luned\u00ec 27 aprile 2026 la raccolta dei rifiuti avverr\u00e0 regolarmente secondo il calendario ordinario. Venerd\u00ec 1\u00b0 maggio 2026 la raccolta dei rifiuti non sar\u00e0 effettuata, Sabato 2 maggio 2026 la raccolta verr\u00e0 svolta secondo il<\/p>\n","protected":false},"author":11,"featured_media":12950,"comment_status":"closed","ping_status":"closed","sticky":false,"template":"","format":"standard","meta":{"_acf_changed":false,"footnotes":""},"categories":[25],"tags":[],"class_list":["post-12956","post","type-post","status-publish","format-standard","has-post-thumbnail","hentry","category-non-categorizzato"],"acf":[],"_links":{"self":[{"href":"https:\/\/www.komunala-izola.si\/it\/wp-json\/wp\/v2\/posts\/12956","targetHints":{"allow":["GET"]}}],"collection":[{"href":"https:\/\/www.komunala-izola.si\/it\/wp-json\/wp\/v2\/posts"}],"about":[{"href":"https:\/\/www.komunala-izola.si\/it\/wp-json\/wp\/v2\/types\/post"}],"author":[{"embeddable":true,"href":"https:\/\/www.komunala-izola.si\/it\/wp-json\/wp\/v2\/users\/11"}],"replies":[{"embeddable":true,"href":"https:\/\/www.komunala-izola.si\/it\/wp-json\/wp\/v2\/comments?post=12956"}],"version-history":[{"count":6,"href":"https:\/\/www.komunala-izola.si\/it\/wp-json\/wp\/v2\/posts\/12956\/revisions"}],"predecessor-version":[{"id":12962,"href":"https:\/\/www.komunala-izola.si\/it\/wp-json\/wp\/v2\/posts\/12956\/revisions\/12962"}],"wp:featuredmedia":[{"embeddable":true,"href":"https:\/\/www.komunala-izola.si\/it\/wp-json\/wp\/v2\/media\/12950"}],"wp:attachment":[{"href":"https:\/\/www.komunala-izola.si\/it\/wp-json\/wp\/v2\/media?parent=12956"}],"wp:term":[{"taxonomy":"category","embeddable":true,"href":"https:\/\/www.komunala-izola.si\/it\/wp-json\/wp\/v2\/categories?post=12956"},{"taxonomy":"post_tag","embeddable":true,"href":"https:\/\/www.komunala-izola.si\/it\/wp-json\/wp\/v2\/tags?post=12956"}],"curies":[{"name":"wp","href":"https:\/\/api.w.org\/{rel}","templated":true}]}}