{"id":12897,"date":"2026-04-17T14:58:38","date_gmt":"2026-04-17T12:58:38","guid":{"rendered":"https:\/\/www.komunala-izola.si\/?p=12897"},"modified":"2026-04-20T12:08:01","modified_gmt":"2026-04-20T10:08:01","slug":"e-voi-dove-smaltite-i-rifiuti-ingombranti","status":"publish","type":"post","link":"https:\/\/www.komunala-izola.si\/it\/e-voi-dove-smaltite-i-rifiuti-ingombranti\/","title":{"rendered":"E voi dove smaltite i rifiuti ingombranti?"},"content":{"rendered":"<h6 style=\"text-align: justify;\">Lo smaltimento dei rifiuti ingombranti accanto ai contenitori alle isole ecologice, su altri punti ecologici, o lungo le strade \u00e8 purtroppo in Isola quasi una costante.<br \/>\nQuesto provoca solo malumore tra gli utenti responsabili, gli operatori comunali e tutti coloro a cui sta a cuore l\u2019ordine e la pulizia del nostro comune.<\/h6>\n<p style=\"text-align: justify;\">Esiste per\u00f2 una soluzione semplice, comoda e completamente gratuita, che da molti anni viene offerta da Komunala Izola e di cui possono usufruire tutti gli utenti dei servizi comunali a Isola.<\/p>\n<blockquote><p>\ud835\udc0f\ud835\udc1e\ud835\udc2b \ud835\udc22\ud835\udc25 \ud835\udc2b\ud835\udc22\ud835\udc2d\ud835\udc22\ud835\udc2b\ud835\udc28 \ud835\udc1d\ud835\udc1e\ud835\udc22 \ud835\udc2b\ud835\udc22\ud835\udc1f\ud835\udc22\ud835\udc2e\ud835\udc2d\ud835\udc22 \ud835\udc22\ud835\udc27\ud835\udc20\ud835\udc28\ud835\udc26\ud835\udc1b\ud835\udc2b\ud835\udc1a\ud835\udc27\ud835\udc2d\ud835\udc22, \ud835\udc28\ud835\udc20\ud835\udc27\ud835\udc22 \ud835\udc2e\ud835\udc2d\ud835\udc1e\ud835\udc27\ud835\udc33\ud835\udc1a \ud835\udc1d\ud835\udc28\ud835\udc26\ud835\udc1e\ud835\udc2c\ud835\udc2d\ud835\udc22\ud835\udc1c\ud835\udc1a \ud835\udc21\ud835\udc1a \ud835\udc25\ud835\udc1a \ud835\udc29\ud835\udc28\ud835\udc2c\ud835\udc2c\ud835\udc22\ud835\udc1b\ud835\udc22\ud835\udc25\ud835\udc22\ud835\udc2d\u00e0 \ud835\udc1d\ud835\udc22 \ud835\udc28\ud835\udc2b\ud835\udc1d\ud835\udc22\ud835\udc27\ud835\udc1a\ud835\udc2b\ud835\udc1e \ud835\udc20\ud835\udc2b\ud835\udc1a\ud835\udc2d\ud835\udc2e\ud835\udc22\ud835\udc2d\ud835\udc1a\ud835\udc26\ud835\udc1e\ud835\udc27\ud835\udc2d\ud835\udc1e \ud835\udc1d\ud835\udc2e\ud835\udc1e \ud835\udc2f\ud835\udc28\ud835\udc25\ud835\udc2d\ud835\udc1e \ud835\udc25\u2019\ud835\udc1a\ud835\udc27\ud835\udc27\ud835\udc28:<\/p><\/blockquote>\n<ul style=\"text-align: justify;\">\n<li style=\"list-style-type: none;\">\n<ul>\n<li>\n<blockquote><p>il ritiro dei rifiuti ingombranti con un piccolo autocarro oppure<\/p><\/blockquote>\n<\/li>\n<li>\n<blockquote><p>la consegna di un container da 5 m\u00b3.<\/p><\/blockquote>\n<\/li>\n<\/ul>\n<\/li>\n<\/ul>\n<p style=\"text-align: justify;\"><strong>\u00c8 sufficiente una prenotazione anticipata tramite chiamata o e-mail:<\/strong><\/p>\n<ul style=\"text-align: justify;\">\n<li style=\"list-style-type: none;\">\n<ul>\n<li>ritiro \ud83d\udcde 05\/66 34 936 (950) \u2709\ufe0f odvozi@komunala-izola.si<\/li>\n<li>container \ud83d\udcde 05\/66 34 928 \u2709\ufe0f zbirnicenter@komunala-izola.si<\/li>\n<\/ul>\n<\/li>\n<\/ul>\n<p style=\"text-align: justify;\">I rifiuti ingombranti possono inoltre essere sempre conferiti gratuitamente presso il Centro di raccolta di Isola.<\/p>\n<blockquote><p>Desideriamo sottolineare che l\u2019abbandono dei rifiuti ingombranti presso le isole ecologiche o su altre superfici pubbliche NON \u00c8 CONSENTITO.<\/p><\/blockquote>\n<p>Tali comportamenti causano numerosi problemi: impediscono agli altri utenti l\u2019accesso ai contenitori e rendono pi\u00f9 difficoltoso il corretto conferimento dei rifiuti, oltre a ostacolare il regolare svolgimento del servizio di raccolta.<\/p>\n<p style=\"text-align: justify;\">La corretta gestione dei rifiuti \u00e8 una responsabilit\u00e0 di tutti noi. \u00c8 disponibile una moderna infrastruttura comunale che consente un conferimento semplice e corretto dei rifiuti, nonch\u00e9 servizi comunali gratuiti che, nei limiti del possibile, vengono adattati alle vostre esigenze. Perch\u00e9 quindi rovinare l\u2019aspetto ordinato del nostro ambiente?<\/p>\n<p style=\"text-align: justify;\">Abbandoniamo pratiche di smaltimento dei rifiuti inadeguate, che al giorno d\u2019oggi non sono pi\u00f9 accettabili. Insieme possiamo cambiare le cose in meglio.<\/p>\n<div id='gallery-1'  class='gallery galleryid-12897 gallery-columns-3 gallery-size-thumbnail'><figure class='gallery-item'>\n\t\t\t<div class='gallery-icon landscape'>\n\t\t\t\t<a data-fancybox=\"gallery-12897\" data-caption=\"Rifiuti ingombranti abbandonati accanto alle colonnine di conferimento della raccolta interrata a Piazza Grande<\/br>\" href='https:\/\/www.komunala-izola.si\/wp-content\/uploads\/2026\/04\/20260417_080925.jpg'><img loading=\"lazy\" decoding=\"async\" width=\"150\" height=\"150\" src=\"https:\/\/www.komunala-izola.si\/wp-content\/uploads\/2026\/04\/20260417_080925-150x150.jpg\" class=\"attachment-thumbnail size-thumbnail\" alt=\"Nepravilno odlo\u017eeni kosovni odpadki ob podzemni zbiralnici na Velikem trgu\" aria-describedby=\"gallery-1-12880\" srcset=\"https:\/\/www.komunala-izola.si\/wp-content\/uploads\/2026\/04\/20260417_080925-150x150.jpg 150w, https:\/\/www.komunala-izola.si\/wp-content\/uploads\/2026\/04\/20260417_080925-300x300.jpg 300w\" sizes=\"auto, (max-width: 150px) 100vw, 150px\" \/><\/a>\n\t\t\t<\/div><\/figure><figure class='gallery-item'>\n\t\t\t<div class='gallery-icon landscape'>\n\t\t\t\t<a data-fancybox=\"gallery-12897\" data-caption=\"Rifiuti ingombranti abbandonati accanto alle colonnine di conferimento della raccolta interrata a Piazza Grande<\/br>\" href='https:\/\/www.komunala-izola.si\/wp-content\/uploads\/2026\/04\/20260417_081038.jpg'><img loading=\"lazy\" decoding=\"async\" width=\"150\" height=\"150\" src=\"https:\/\/www.komunala-izola.si\/wp-content\/uploads\/2026\/04\/20260417_081038-150x150.jpg\" class=\"attachment-thumbnail size-thumbnail\" alt=\"\" aria-describedby=\"gallery-1-12886\" srcset=\"https:\/\/www.komunala-izola.si\/wp-content\/uploads\/2026\/04\/20260417_081038-150x150.jpg 150w, https:\/\/www.komunala-izola.si\/wp-content\/uploads\/2026\/04\/20260417_081038-300x300.jpg 300w\" sizes=\"auto, (max-width: 150px) 100vw, 150px\" \/><\/a>\n\t\t\t<\/div><\/figure><figure class='gallery-item'>\n\t\t\t<div class='gallery-icon portrait'>\n\t\t\t\t<a data-fancybox=\"gallery-12897\" data-caption=\"Rifiuti ingombranti depositati in modo improprio sull'area pubblica<\/br>\" href='https:\/\/www.komunala-izola.si\/wp-content\/uploads\/2026\/04\/20260417_080953.jpg'><img loading=\"lazy\" decoding=\"async\" width=\"150\" height=\"150\" src=\"https:\/\/www.komunala-izola.si\/wp-content\/uploads\/2026\/04\/20260417_080953-150x150.jpg\" class=\"attachment-thumbnail size-thumbnail\" alt=\"\" aria-describedby=\"gallery-1-12882\" srcset=\"https:\/\/www.komunala-izola.si\/wp-content\/uploads\/2026\/04\/20260417_080953-150x150.jpg 150w, https:\/\/www.komunala-izola.si\/wp-content\/uploads\/2026\/04\/20260417_080953-300x300.jpg 300w\" sizes=\"auto, (max-width: 150px) 100vw, 150px\" \/><\/a>\n\t\t\t<\/div><\/figure><figure class='gallery-item'>\n\t\t\t<div class='gallery-icon portrait'>\n\t\t\t\t<a data-fancybox=\"gallery-12897\" data-caption=\"Rifiuti ingombranti depositati in modo improprio presso l\u2019isola ecologica<\/br>\" href='https:\/\/www.komunala-izola.si\/wp-content\/uploads\/2026\/04\/20260417_081054.jpg'><img loading=\"lazy\" decoding=\"async\" width=\"150\" height=\"150\" src=\"https:\/\/www.komunala-izola.si\/wp-content\/uploads\/2026\/04\/20260417_081054-150x150.jpg\" class=\"attachment-thumbnail size-thumbnail\" alt=\"\" aria-describedby=\"gallery-1-12888\" srcset=\"https:\/\/www.komunala-izola.si\/wp-content\/uploads\/2026\/04\/20260417_081054-150x150.jpg 150w, https:\/\/www.komunala-izola.si\/wp-content\/uploads\/2026\/04\/20260417_081054-300x300.jpg 300w\" sizes=\"auto, (max-width: 150px) 100vw, 150px\" \/><\/a>\n\t\t\t<\/div><\/figure><figure class='gallery-item'>\n\t\t\t<div class='gallery-icon landscape'>\n\t\t\t\t<a data-fancybox=\"gallery-12897\" data-caption=\"Rifiuti ingombranti depositati in modo improprio presso l\u2019isola ecologica.<\/br>\" href='https:\/\/www.komunala-izola.si\/wp-content\/uploads\/2026\/04\/20260417_081009.jpg'><img loading=\"lazy\" decoding=\"async\" width=\"150\" height=\"150\" src=\"https:\/\/www.komunala-izola.si\/wp-content\/uploads\/2026\/04\/20260417_081009-150x150.jpg\" class=\"attachment-thumbnail size-thumbnail\" alt=\"\" aria-describedby=\"gallery-1-12884\" srcset=\"https:\/\/www.komunala-izola.si\/wp-content\/uploads\/2026\/04\/20260417_081009-150x150.jpg 150w, https:\/\/www.komunala-izola.si\/wp-content\/uploads\/2026\/04\/20260417_081009-300x300.jpg 300w\" sizes=\"auto, (max-width: 150px) 100vw, 150px\" \/><\/a>\n\t\t\t<\/div><\/figure>\n\t\t<\/div>\n\n<p>&nbsp;<\/p>\n<p>&nbsp;<\/p>\n<p>&nbsp;<\/p>\n","protected":false},"excerpt":{"rendered":"<p>Lo smaltimento dei rifiuti ingombranti accanto ai contenitori alle isole ecologice, su altri punti ecologici, o lungo le strade \u00e8 purtroppo in Isola quasi una costante. Questo provoca solo malumore tra gli utenti responsabili, gli operatori comunali e tutti coloro a cui sta a cuore l\u2019ordine e la pulizia del nostro comune. Esiste per\u00f2 una<\/p>\n","protected":false},"author":11,"featured_media":12884,"comment_status":"closed","ping_status":"closed","sticky":false,"template":"","format":"standard","meta":{"_acf_changed":false,"footnotes":""},"categories":[25],"tags":[],"class_list":["post-12897","post","type-post","status-publish","format-standard","has-post-thumbnail","hentry","category-non-categorizzato"],"acf":[],"_links":{"self":[{"href":"https:\/\/www.komunala-izola.si\/it\/wp-json\/wp\/v2\/posts\/12897","targetHints":{"allow":["GET"]}}],"collection":[{"href":"https:\/\/www.komunala-izola.si\/it\/wp-json\/wp\/v2\/posts"}],"about":[{"href":"https:\/\/www.komunala-izola.si\/it\/wp-json\/wp\/v2\/types\/post"}],"author":[{"embeddable":true,"href":"https:\/\/www.komunala-izola.si\/it\/wp-json\/wp\/v2\/users\/11"}],"replies":[{"embeddable":true,"href":"https:\/\/www.komunala-izola.si\/it\/wp-json\/wp\/v2\/comments?post=12897"}],"version-history":[{"count":5,"href":"https:\/\/www.komunala-izola.si\/it\/wp-json\/wp\/v2\/posts\/12897\/revisions"}],"predecessor-version":[{"id":12902,"href":"https:\/\/www.komunala-izola.si\/it\/wp-json\/wp\/v2\/posts\/12897\/revisions\/12902"}],"wp:featuredmedia":[{"embeddable":true,"href":"https:\/\/www.komunala-izola.si\/it\/wp-json\/wp\/v2\/media\/12884"}],"wp:attachment":[{"href":"https:\/\/www.komunala-izola.si\/it\/wp-json\/wp\/v2\/media?parent=12897"}],"wp:term":[{"taxonomy":"category","embeddable":true,"href":"https:\/\/www.komunala-izola.si\/it\/wp-json\/wp\/v2\/categories?post=12897"},{"taxonomy":"post_tag","embeddable":true,"href":"https:\/\/www.komunala-izola.si\/it\/wp-json\/wp\/v2\/tags?post=12897"}],"curies":[{"name":"wp","href":"https:\/\/api.w.org\/{rel}","templated":true}]}}