{"id":12373,"date":"2026-03-13T14:57:29","date_gmt":"2026-03-13T13:57:29","guid":{"rendered":"https:\/\/www.komunala-izola.si\/?p=12373"},"modified":"2026-03-13T14:57:29","modified_gmt":"2026-03-13T13:57:29","slug":"avviso-di-parziale-chiusura-al-traffico-allincrocio-tra-il-viale-ivan-cankar-e-la-via-a-plencic","status":"publish","type":"post","link":"https:\/\/www.komunala-izola.si\/it\/avviso-di-parziale-chiusura-al-traffico-allincrocio-tra-il-viale-ivan-cankar-e-la-via-a-plencic\/","title":{"rendered":"Avviso di parziale chiusura al traffico all\u2019incrocio tra il Viale Ivan Cankar e la Via A. Plen\u010di\u010d"},"content":{"rendered":"<p style=\"text-align: justify;\">Si avvisa la cittadinanza che l\u2019impresa di costruzioni CPK d. d. effettuer\u00e0 interventi di manutenzione straordinaria delle superfici asfaltate presso l\u2019incrocio tra il Viale Ivan Cankar (Cankarjev drevored) e la Via A. Plen\u010di\u010d (Plen\u010di\u010deva ulica), sul tratto stradale n. 141 Viale Ivan Cankar \u2013 Piazza della Repubblica.<\/p>\n<h6 style=\"text-align: justify;\">I lavori sono <span style=\"color: #0000ff;\">previsti per luned\u00ec 16 marzo e marted\u00ec 17 marzo 2026<\/span>, durante i quali sar\u00e0 attivata una parziale chiusura al traffico nell\u2019area interessata.<\/h6>\n<p style=\"text-align: justify;\">La chiusura stradale sar\u00e0 effettuata in conformit\u00e0 al permesso rilasciato dal Comune di Isola, n. 3716\u20110039\/2026 del 11 marzo 2026.<\/p>\n<p style=\"text-align: justify;\">Invitiamo tutti gli utenti della strada alla comprensione e al rispetto della segnaletica stradale provvisoria.<\/p>\n","protected":false},"excerpt":{"rendered":"<p>Si avvisa la cittadinanza che l\u2019impresa di costruzioni CPK d. d. effettuer\u00e0 interventi di manutenzione straordinaria delle superfici asfaltate presso l\u2019incrocio tra il Viale Ivan Cankar (Cankarjev drevored) e la Via A. Plen\u010di\u010d (Plen\u010di\u010deva ulica), sul tratto stradale n. 141 Viale Ivan Cankar \u2013 Piazza della Repubblica. I lavori sono previsti per luned\u00ec 16 marzo<\/p>\n","protected":false},"author":11,"featured_media":12367,"comment_status":"closed","ping_status":"closed","sticky":false,"template":"","format":"standard","meta":{"_acf_changed":false,"footnotes":""},"categories":[25],"tags":[],"class_list":["post-12373","post","type-post","status-publish","format-standard","has-post-thumbnail","hentry","category-non-categorizzato"],"acf":[],"_links":{"self":[{"href":"https:\/\/www.komunala-izola.si\/it\/wp-json\/wp\/v2\/posts\/12373","targetHints":{"allow":["GET"]}}],"collection":[{"href":"https:\/\/www.komunala-izola.si\/it\/wp-json\/wp\/v2\/posts"}],"about":[{"href":"https:\/\/www.komunala-izola.si\/it\/wp-json\/wp\/v2\/types\/post"}],"author":[{"embeddable":true,"href":"https:\/\/www.komunala-izola.si\/it\/wp-json\/wp\/v2\/users\/11"}],"replies":[{"embeddable":true,"href":"https:\/\/www.komunala-izola.si\/it\/wp-json\/wp\/v2\/comments?post=12373"}],"version-history":[{"count":4,"href":"https:\/\/www.komunala-izola.si\/it\/wp-json\/wp\/v2\/posts\/12373\/revisions"}],"predecessor-version":[{"id":12377,"href":"https:\/\/www.komunala-izola.si\/it\/wp-json\/wp\/v2\/posts\/12373\/revisions\/12377"}],"wp:featuredmedia":[{"embeddable":true,"href":"https:\/\/www.komunala-izola.si\/it\/wp-json\/wp\/v2\/media\/12367"}],"wp:attachment":[{"href":"https:\/\/www.komunala-izola.si\/it\/wp-json\/wp\/v2\/media?parent=12373"}],"wp:term":[{"taxonomy":"category","embeddable":true,"href":"https:\/\/www.komunala-izola.si\/it\/wp-json\/wp\/v2\/categories?post=12373"},{"taxonomy":"post_tag","embeddable":true,"href":"https:\/\/www.komunala-izola.si\/it\/wp-json\/wp\/v2\/tags?post=12373"}],"curies":[{"name":"wp","href":"https:\/\/api.w.org\/{rel}","templated":true}]}}