{"id":10777,"date":"2025-05-13T10:50:06","date_gmt":"2025-05-13T08:50:06","guid":{"rendered":"https:\/\/www.komunala-izola.si\/?p=10777"},"modified":"2025-08-13T11:47:44","modified_gmt":"2025-08-13T09:47:44","slug":"prima-isola-ecologica-interrata-nellentroterra-isolano","status":"publish","type":"post","link":"https:\/\/www.komunala-izola.si\/it\/prima-isola-ecologica-interrata-nellentroterra-isolano\/","title":{"rendered":"Prima isola ecologica interrata nell\u2019entroterra isolano"},"content":{"rendered":"<h5><strong>Komunala Izola ha oggi inaugurato a Korte d\u2019Istria la nuova isola ecologica interrata, realizzata nell\u2019ambito del progetto Waste design 2.0. cofinanziato dal Programma VI-A Interreg Italia-Slovenia.<\/strong><\/h5>\n<p>Si tratta della prima isola ecologica interrata nell\u2019entroterra di Isola. Nel dicembre 2021 la societ\u00e0 Komunala Izola aveva gi\u00e0 allestito, nell\u2019ambito urbano, tre strutture di questo genere, ubicate rispettivamente in viale Cankar, in piazza Grande e sul molo dei pescatori nell\u2019ambito del progetto di rinnovo dell\u2019infrastruttura destinata al comparto pesca.<\/p>\n<p><span style=\"text-decoration: underline;\"><strong>Attenta scelta del sito <\/strong><\/span><\/p>\n<p><strong>\u00a0<\/strong>Il sito non \u00e8 stato individuato a caso ma in base a un\u2019attenta valutazione di diversi <strong>fattori chiave<\/strong>, tra i quali il conferimento e la raccolta di rifiuti in sicurezza, il numero di utenti, il turismo, l\u2019accessibilit\u00e0 del sito da parte dei mezzi di raccolta e la possibilit\u00e0 di valorizzare il suolo pubblico.<\/p>\n<p>L\u2019isola ecologica interrata a Korte d\u2019Isola \u00e8 stata collocata nel centro della frazione, vicino alla cooperativa, e sar\u00e0 facilmente accessibile a tutti i residenti e visitatori. Con l\u2019allestimento della postazione \u00e8 stata anche <strong>migliorata l\u2019area in termini estetici e di sicurezza stradale<\/strong>. Sono stati rimossi i classici cassonetti posizionati lungo la via d\u2019emergenza ed \u00e8 stata ricollocata la fermata dell\u2019autobus in un punto pi\u00f9 adeguato.<\/p>\n<p>L\u2019amministratore delegato di Komunala Izola <strong>Robi Flego<\/strong> ha ringraziato i rappresentanti della circoscrizione di Korte d\u2019Istria per la costruttiva collaborazione sottolineando che \u201cImportante \u00e8 saper ascoltare l\u2019altro e trovare la soluzione migliore per il bene comune\u201d.<\/p>\n<p><span style=\"text-decoration: underline;\"><strong>I vantaggi dell\u2019isola ecologica interrata <\/strong><\/span><\/p>\n<p>L\u2019isola ecologica interrata ha sostituito ben 13 cassonetti classici e alcune piccole isole del circondario. \u00c8 costituita da cinque elementi sotterranei della volumetria di 5 e 3 metri cubi dove l\u2019utenza potr\u00e0 conferire cinque diverse tipologie di rifiuti: plastica e lattine, organico, rifiuti urbani misti, carta e cartone nonch\u00e9 vetro.<\/p>\n<p>Il sistema \u00e8 di facile utilizzo. Azionando semplicemente il pedale si apre l\u2019apertura dove l\u2019utente potr\u00e0 introdurre i rifiuti. Rispetto ai cassonetti classici le torrette-contenitori sono pi\u00f9 basse garantendo una migliore fruibilit\u00e0 per le persone anziane, i portatori di handicap e i bambini. L\u2019area dove \u00e8 stata allestita l\u2019isola ecologica interrata \u00e8 accessibile con i mezzi privati, pratica largamente diffusa nell\u2019entroterra.<\/p>\n<p>La maggior capacit\u00e0 dei vani consente di ottimizzare la logistica e le operazioni di svuotamento degli stessi. Le campane interrate sono dotate di sistema contro l\u2019intrusione dell\u2019acqua e di contrasto degli effluvi maleodoranti che vengono ulteriormente contenuti grazie all\u2019utilizzo di particolari sostanze ecologiche e alla regolare pulizia generale.<\/p>\n<div id='gallery-1'  class='gallery galleryid-10777 gallery-columns-3 gallery-size-thumbnail'><figure class='gallery-item'>\n\t\t\t<div class='gallery-icon landscape'>\n\t\t\t\t<a data-fancybox=\"gallery-10777\" data-caption=\"<\/br>L'isola ecologica interrata a Korte\" href='https:\/\/www.komunala-izola.si\/wp-content\/uploads\/2025\/05\/1000001839.jpg'><img loading=\"lazy\" decoding=\"async\" width=\"150\" height=\"150\" src=\"https:\/\/www.komunala-izola.si\/wp-content\/uploads\/2025\/05\/1000001839-150x150.jpg\" class=\"attachment-thumbnail size-thumbnail\" alt=\"\" srcset=\"https:\/\/www.komunala-izola.si\/wp-content\/uploads\/2025\/05\/1000001839-150x150.jpg 150w, https:\/\/www.komunala-izola.si\/wp-content\/uploads\/2025\/05\/1000001839-300x300.jpg 300w, https:\/\/www.komunala-izola.si\/wp-content\/uploads\/2025\/05\/1000001839-1024x1024.jpg 1024w, https:\/\/www.komunala-izola.si\/wp-content\/uploads\/2025\/05\/1000001839-400x400.jpg 400w, https:\/\/www.komunala-izola.si\/wp-content\/uploads\/2025\/05\/1000001839-600x600.jpg 600w\" sizes=\"auto, (max-width: 150px) 100vw, 150px\" \/><\/a>\n\t\t\t<\/div><\/figure>\n\t\t<\/div>\n\n<p style=\"text-align: justify;\"><span style=\"text-decoration: underline;\"><strong>\u00a0<\/strong><strong>La gestione dei rifiuti richiede un comportamento responsabile<\/strong><\/span><\/p>\n<p style=\"text-align: justify;\">Le aree ecologiche interrate sono una modalit\u00e0 moderna e innovativa di gestione dei rifiuti dagli standard qualitativi superiori che contribuisce a migliorare sensibilmente i servizi pubblici locali.<\/p>\n<p style=\"text-align: justify;\">L\u2019allestimento dell\u2019isola ecologica interrata a Korte d\u2019Isola \u00e8 stato possibile grazie al finanziamento da fondi comunitari. Komunala Izola ha infatti beneficiato del contribuito erogato nell\u2019ambito del Programma VI-A Interreg Italia &#8211; Slovenia per un importo pari all\u201980% del valore dell\u2019intervento che, in questo modo, non andr\u00e0 a impattare sulla tariffa per il servizio di raccolta dei rifiuti.<\/p>\n<p style=\"text-align: justify;\">L\u2019obiettivo principale che Komunala Izola, in sinergia con il Comune di Isola, sta perseguendo, \u00e8 quello di <strong>incrementare la percentuale della raccolta differenziata di rifiuti<\/strong>, grazie soprattutto al comportamento virtuoso ed esemplare della cittadinanza.<\/p>\n<div id='gallery-2'  class='gallery galleryid-10777 gallery-columns-3 gallery-size-thumbnail'><figure class='gallery-item'>\n\t\t\t<div class='gallery-icon landscape'>\n\t\t\t\t<a data-fancybox=\"gallery-10777\" data-caption=\"<\/br>Discorso del direttore all'inaugurazione dell'isola ecologica sotterranea.\" href='https:\/\/www.komunala-izola.si\/wp-content\/uploads\/2025\/05\/20250513_100146-scaled.jpg'><img loading=\"lazy\" decoding=\"async\" width=\"150\" height=\"150\" src=\"https:\/\/www.komunala-izola.si\/wp-content\/uploads\/2025\/05\/20250513_100146-150x150.jpg\" class=\"attachment-thumbnail size-thumbnail\" alt=\"\" srcset=\"https:\/\/www.komunala-izola.si\/wp-content\/uploads\/2025\/05\/20250513_100146-150x150.jpg 150w, https:\/\/www.komunala-izola.si\/wp-content\/uploads\/2025\/05\/20250513_100146-300x300.jpg 300w, https:\/\/www.komunala-izola.si\/wp-content\/uploads\/2025\/05\/20250513_100146-1024x1024.jpg 1024w, https:\/\/www.komunala-izola.si\/wp-content\/uploads\/2025\/05\/20250513_100146-400x400.jpg 400w, https:\/\/www.komunala-izola.si\/wp-content\/uploads\/2025\/05\/20250513_100146-600x600.jpg 600w\" sizes=\"auto, (max-width: 150px) 100vw, 150px\" \/><\/a>\n\t\t\t<\/div><\/figure><figure class='gallery-item'>\n\t\t\t<div class='gallery-icon landscape'>\n\t\t\t\t<a data-fancybox=\"gallery-10777\" data-caption=\"<\/br>Inaugurazione dell'isola ecologica sotterranea\" href='https:\/\/www.komunala-izola.si\/wp-content\/uploads\/2025\/05\/1000001862.jpg'><img loading=\"lazy\" decoding=\"async\" width=\"150\" height=\"150\" src=\"https:\/\/www.komunala-izola.si\/wp-content\/uploads\/2025\/05\/1000001862-150x150.jpg\" class=\"attachment-thumbnail size-thumbnail\" alt=\"\" srcset=\"https:\/\/www.komunala-izola.si\/wp-content\/uploads\/2025\/05\/1000001862-150x150.jpg 150w, https:\/\/www.komunala-izola.si\/wp-content\/uploads\/2025\/05\/1000001862-300x300.jpg 300w, https:\/\/www.komunala-izola.si\/wp-content\/uploads\/2025\/05\/1000001862-1024x1024.jpg 1024w, https:\/\/www.komunala-izola.si\/wp-content\/uploads\/2025\/05\/1000001862-400x400.jpg 400w, https:\/\/www.komunala-izola.si\/wp-content\/uploads\/2025\/05\/1000001862-600x600.jpg 600w\" sizes=\"auto, (max-width: 150px) 100vw, 150px\" \/><\/a>\n\t\t\t<\/div><\/figure><figure class='gallery-item'>\n\t\t\t<div class='gallery-icon landscape'>\n\t\t\t\t<a data-fancybox=\"gallery-10777\" data-caption=\"<\/br>Inaugurazione dell'isola ecologica sotterranea\" href='https:\/\/www.komunala-izola.si\/wp-content\/uploads\/2025\/05\/1000001868.jpg'><img loading=\"lazy\" decoding=\"async\" width=\"150\" height=\"150\" src=\"https:\/\/www.komunala-izola.si\/wp-content\/uploads\/2025\/05\/1000001868-150x150.jpg\" class=\"attachment-thumbnail size-thumbnail\" alt=\"\" srcset=\"https:\/\/www.komunala-izola.si\/wp-content\/uploads\/2025\/05\/1000001868-150x150.jpg 150w, https:\/\/www.komunala-izola.si\/wp-content\/uploads\/2025\/05\/1000001868-300x300.jpg 300w, https:\/\/www.komunala-izola.si\/wp-content\/uploads\/2025\/05\/1000001868-1024x1024.jpg 1024w, https:\/\/www.komunala-izola.si\/wp-content\/uploads\/2025\/05\/1000001868-400x400.jpg 400w, https:\/\/www.komunala-izola.si\/wp-content\/uploads\/2025\/05\/1000001868-600x600.jpg 600w\" sizes=\"auto, (max-width: 150px) 100vw, 150px\" \/><\/a>\n\t\t\t<\/div><\/figure><figure class='gallery-item'>\n\t\t\t<div class='gallery-icon portrait'>\n\t\t\t\t<a data-fancybox=\"gallery-10777\" data-caption=\"<\/br>Primo conferimento dei rifiuti nel raccoglitore sotterraneo\" href='https:\/\/www.komunala-izola.si\/wp-content\/uploads\/2025\/05\/20250513_100811-scaled.jpg'><img loading=\"lazy\" decoding=\"async\" width=\"150\" height=\"150\" src=\"https:\/\/www.komunala-izola.si\/wp-content\/uploads\/2025\/05\/20250513_100811-150x150.jpg\" class=\"attachment-thumbnail size-thumbnail\" alt=\"\" srcset=\"https:\/\/www.komunala-izola.si\/wp-content\/uploads\/2025\/05\/20250513_100811-150x150.jpg 150w, https:\/\/www.komunala-izola.si\/wp-content\/uploads\/2025\/05\/20250513_100811-300x300.jpg 300w, https:\/\/www.komunala-izola.si\/wp-content\/uploads\/2025\/05\/20250513_100811-1024x1024.jpg 1024w, https:\/\/www.komunala-izola.si\/wp-content\/uploads\/2025\/05\/20250513_100811-400x400.jpg 400w, https:\/\/www.komunala-izola.si\/wp-content\/uploads\/2025\/05\/20250513_100811-600x600.jpg 600w\" sizes=\"auto, (max-width: 150px) 100vw, 150px\" \/><\/a>\n\t\t\t<\/div><\/figure><figure class='gallery-item'>\n\t\t\t<div class='gallery-icon landscape'>\n\t\t\t\t<a data-fancybox=\"gallery-10777\" data-caption=\"<\/br>Inaugurazione dell'isola ecologica sotterranea (il sindaco  Milan Bogati\u010d, vice sindaca Nata\u0161a \u010cerin, direttore dell'azienda Komunala Isola Robi Flego e il presidente  della comunit\u00e0 locale Korte Elvis Vuk).\" href='https:\/\/www.komunala-izola.si\/wp-content\/uploads\/2025\/05\/20250513_100933-scaled.jpg'><img loading=\"lazy\" decoding=\"async\" width=\"150\" height=\"150\" src=\"https:\/\/www.komunala-izola.si\/wp-content\/uploads\/2025\/05\/20250513_100933-150x150.jpg\" class=\"attachment-thumbnail size-thumbnail\" alt=\"\" srcset=\"https:\/\/www.komunala-izola.si\/wp-content\/uploads\/2025\/05\/20250513_100933-150x150.jpg 150w, https:\/\/www.komunala-izola.si\/wp-content\/uploads\/2025\/05\/20250513_100933-300x300.jpg 300w, https:\/\/www.komunala-izola.si\/wp-content\/uploads\/2025\/05\/20250513_100933-1024x1024.jpg 1024w, https:\/\/www.komunala-izola.si\/wp-content\/uploads\/2025\/05\/20250513_100933-400x400.jpg 400w, https:\/\/www.komunala-izola.si\/wp-content\/uploads\/2025\/05\/20250513_100933-600x600.jpg 600w\" sizes=\"auto, (max-width: 150px) 100vw, 150px\" \/><\/a>\n\t\t\t<\/div><\/figure><figure class='gallery-item'>\n\t\t\t<div class='gallery-icon landscape'>\n\t\t\t\t<a data-fancybox=\"gallery-10777\" data-caption=\"<\/br>L'isola ecologica sotterranea accanto alla casa cooperativa a Korte.\" href='https:\/\/www.komunala-izola.si\/wp-content\/uploads\/2025\/05\/1000001842.jpg'><img loading=\"lazy\" decoding=\"async\" width=\"150\" height=\"150\" src=\"https:\/\/www.komunala-izola.si\/wp-content\/uploads\/2025\/05\/1000001842-150x150.jpg\" class=\"attachment-thumbnail size-thumbnail\" alt=\"\" srcset=\"https:\/\/www.komunala-izola.si\/wp-content\/uploads\/2025\/05\/1000001842-150x150.jpg 150w, https:\/\/www.komunala-izola.si\/wp-content\/uploads\/2025\/05\/1000001842-300x300.jpg 300w, https:\/\/www.komunala-izola.si\/wp-content\/uploads\/2025\/05\/1000001842-1024x1024.jpg 1024w, https:\/\/www.komunala-izola.si\/wp-content\/uploads\/2025\/05\/1000001842-400x400.jpg 400w, https:\/\/www.komunala-izola.si\/wp-content\/uploads\/2025\/05\/1000001842-600x600.jpg 600w\" sizes=\"auto, (max-width: 150px) 100vw, 150px\" \/><\/a>\n\t\t\t<\/div><\/figure>\n\t\t<\/div>\n\n","protected":false},"excerpt":{"rendered":"<p>Komunala Izola ha oggi inaugurato a Korte d\u2019Istria la nuova isola ecologica interrata, realizzata nell\u2019ambito del progetto Waste design 2.0. cofinanziato dal Programma VI-A Interreg Italia-Slovenia. Si tratta della prima isola ecologica interrata nell\u2019entroterra di Isola. Nel dicembre 2021 la societ\u00e0 Komunala Izola aveva gi\u00e0 allestito, nell\u2019ambito urbano, tre strutture di questo genere, ubicate rispettivamente<\/p>\n","protected":false},"author":11,"featured_media":10117,"comment_status":"closed","ping_status":"closed","sticky":false,"template":"","format":"standard","meta":{"_acf_changed":false,"footnotes":""},"categories":[25],"tags":[],"class_list":["post-10777","post","type-post","status-publish","format-standard","has-post-thumbnail","hentry","category-non-categorizzato"],"acf":[],"_links":{"self":[{"href":"https:\/\/www.komunala-izola.si\/it\/wp-json\/wp\/v2\/posts\/10777","targetHints":{"allow":["GET"]}}],"collection":[{"href":"https:\/\/www.komunala-izola.si\/it\/wp-json\/wp\/v2\/posts"}],"about":[{"href":"https:\/\/www.komunala-izola.si\/it\/wp-json\/wp\/v2\/types\/post"}],"author":[{"embeddable":true,"href":"https:\/\/www.komunala-izola.si\/it\/wp-json\/wp\/v2\/users\/11"}],"replies":[{"embeddable":true,"href":"https:\/\/www.komunala-izola.si\/it\/wp-json\/wp\/v2\/comments?post=10777"}],"version-history":[{"count":0,"href":"https:\/\/www.komunala-izola.si\/it\/wp-json\/wp\/v2\/posts\/10777\/revisions"}],"wp:featuredmedia":[{"embeddable":true,"href":"https:\/\/www.komunala-izola.si\/it\/wp-json\/wp\/v2\/media\/10117"}],"wp:attachment":[{"href":"https:\/\/www.komunala-izola.si\/it\/wp-json\/wp\/v2\/media?parent=10777"}],"wp:term":[{"taxonomy":"category","embeddable":true,"href":"https:\/\/www.komunala-izola.si\/it\/wp-json\/wp\/v2\/categories?post=10777"},{"taxonomy":"post_tag","embeddable":true,"href":"https:\/\/www.komunala-izola.si\/it\/wp-json\/wp\/v2\/tags?post=10777"}],"curies":[{"name":"wp","href":"https:\/\/api.w.org\/{rel}","templated":true}]}}